{"id":7940,"date":"2026-03-24T10:40:35","date_gmt":"2026-03-24T13:40:35","guid":{"rendered":"http:\/\/anguloempreiteira.com.br\/site\/?p=7940"},"modified":"2026-03-26T10:53:20","modified_gmt":"2026-03-26T13:53:20","slug":"la-gran-via-esta-iluminada-por-luces-brillantes-35","status":"publish","type":"post","link":"http:\/\/anguloempreiteira.com.br\/site\/la-gran-via-esta-iluminada-por-luces-brillantes-35\/","title":{"rendered":"La Gran V\u00eda est\u00e1 iluminada por luces brillantes por la noche."},"content":{"rendered":"<p>Madrid, con sus festivales de m\u00fasica y conciertos en vivo, se convierte en un escenario vibrante donde la m\u00fasica de todos los g\u00e9neros resuena en la noche madrile\u00f1a. <a href=\"https:\/\/yahoo.com\/\">https:\/\/yahoo.com\/<\/a> by <a href=\"https:\/\/www.yahoo.com\/\">yahoo<\/a><\/p>\n","protected":false},"excerpt":{"rendered":"<p>Madrid, con sus festivales de m\u00fasica y conciertos en vivo, se convierte en un escenario vibrante donde la m\u00fasica de todos los g\u00e9neros resuena en la noche madrile\u00f1a. https:\/\/yahoo.com\/ by yahoo<\/p>\n","protected":false},"author":1,"featured_media":0,"comment_status":"open","ping_status":"open","sticky":false,"template":"","format":"standard","meta":[],"categories":[463],"tags":[],"_links":{"self":[{"href":"http:\/\/anguloempreiteira.com.br\/site\/wp-json\/wp\/v2\/posts\/7940"}],"collection":[{"href":"http:\/\/anguloempreiteira.com.br\/site\/wp-json\/wp\/v2\/posts"}],"about":[{"href":"http:\/\/anguloempreiteira.com.br\/site\/wp-json\/wp\/v2\/types\/post"}],"author":[{"embeddable":true,"href":"http:\/\/anguloempreiteira.com.br\/site\/wp-json\/wp\/v2\/users\/1"}],"replies":[{"embeddable":true,"href":"http:\/\/anguloempreiteira.com.br\/site\/wp-json\/wp\/v2\/comments?post=7940"}],"version-history":[{"count":1,"href":"http:\/\/anguloempreiteira.com.br\/site\/wp-json\/wp\/v2\/posts\/7940\/revisions"}],"predecessor-version":[{"id":7941,"href":"http:\/\/anguloempreiteira.com.br\/site\/wp-json\/wp\/v2\/posts\/7940\/revisions\/7941"}],"wp:attachment":[{"href":"http:\/\/anguloempreiteira.com.br\/site\/wp-json\/wp\/v2\/media?parent=7940"}],"wp:term":[{"taxonomy":"category","embeddable":true,"href":"http:\/\/anguloempreiteira.com.br\/site\/wp-json\/wp\/v2\/categories?post=7940"},{"taxonomy":"post_tag","embeddable":true,"href":"http:\/\/anguloempreiteira.com.br\/site\/wp-json\/wp\/v2\/tags?post=7940"}],"curies":[{"name":"wp","href":"https:\/\/api.w.org\/{rel}","templated":true}]}}